{"id":972,"date":"2024-01-10T16:23:54","date_gmt":"2024-01-10T16:23:54","guid":{"rendered":"https:\/\/farana.cal24.pl\/?p=972"},"modified":"2024-01-10T16:23:54","modified_gmt":"2024-01-10T16:23:54","slug":"eu07-227","status":"publish","type":"post","link":"https:\/\/farana.cal24.pl\/?p=972","title":{"rendered":"EU07-227"},"content":{"rendered":"<div class=\"wp-block-image\">\n<figure class=\"aligncenter size-full\"><img loading=\"lazy\" decoding=\"async\" width=\"800\" height=\"600\" src=\"https:\/\/farana.cal24.pl\/wp-content\/uploads\/2024\/01\/EU07-227_Katowice_2011SDC16426.jpg\" alt=\"EU07-227\" class=\"wp-image-973\" srcset=\"https:\/\/farana.cal24.pl\/wp-content\/uploads\/2024\/01\/EU07-227_Katowice_2011SDC16426.jpg 800w, https:\/\/farana.cal24.pl\/wp-content\/uploads\/2024\/01\/EU07-227_Katowice_2011SDC16426-300x225.jpg 300w, https:\/\/farana.cal24.pl\/wp-content\/uploads\/2024\/01\/EU07-227_Katowice_2011SDC16426-768x576.jpg 768w\" sizes=\"(max-width: 800px) 100vw, 800px\" \/><figcaption class=\"wp-element-caption\">EU07-227<\/figcaption><\/figure>\n<\/div>\n\n\n<p><strong>Katowice 2011r. | <\/strong>Lokomotywa EU07-227 wraz ze sk\u0142adem poci\u0105gu sp. PKP Intercity wyje\u017cd\u017ca z Katowic.<\/p>\n","protected":false},"excerpt":{"rendered":"<p>Katowice 2011r. | Lokomotywa EU07-227 wraz ze sk\u0142adem poci\u0105gu sp. PKP Intercity wyje\u017cd\u017ca z Katowic.<\/p>\n","protected":false},"author":1,"featured_media":973,"comment_status":"closed","ping_status":"open","sticky":false,"template":"","format":"standard","meta":{"saved_in_kubio":false,"footnotes":""},"categories":[36],"tags":[75,67,66,65,69,68,73,70,74,72,40,71],"class_list":["post-972","post","type-post","status-publish","format-standard","has-post-thumbnail","hentry","category-eu07-4e","tag-75","tag-67","tag-city","tag-eu07","tag-eu07-227","tag-ic","tag-inter","tag-intercity","tag-katowice","tag-perony","tag-pkp","tag-tlk"],"_links":{"self":[{"href":"https:\/\/farana.cal24.pl\/index.php?rest_route=\/wp\/v2\/posts\/972","targetHints":{"allow":["GET"]}}],"collection":[{"href":"https:\/\/farana.cal24.pl\/index.php?rest_route=\/wp\/v2\/posts"}],"about":[{"href":"https:\/\/farana.cal24.pl\/index.php?rest_route=\/wp\/v2\/types\/post"}],"author":[{"embeddable":true,"href":"https:\/\/farana.cal24.pl\/index.php?rest_route=\/wp\/v2\/users\/1"}],"replies":[{"embeddable":true,"href":"https:\/\/farana.cal24.pl\/index.php?rest_route=%2Fwp%2Fv2%2Fcomments&post=972"}],"version-history":[{"count":1,"href":"https:\/\/farana.cal24.pl\/index.php?rest_route=\/wp\/v2\/posts\/972\/revisions"}],"predecessor-version":[{"id":974,"href":"https:\/\/farana.cal24.pl\/index.php?rest_route=\/wp\/v2\/posts\/972\/revisions\/974"}],"wp:featuredmedia":[{"embeddable":true,"href":"https:\/\/farana.cal24.pl\/index.php?rest_route=\/wp\/v2\/media\/973"}],"wp:attachment":[{"href":"https:\/\/farana.cal24.pl\/index.php?rest_route=%2Fwp%2Fv2%2Fmedia&parent=972"}],"wp:term":[{"taxonomy":"category","embeddable":true,"href":"https:\/\/farana.cal24.pl\/index.php?rest_route=%2Fwp%2Fv2%2Fcategories&post=972"},{"taxonomy":"post_tag","embeddable":true,"href":"https:\/\/farana.cal24.pl\/index.php?rest_route=%2Fwp%2Fv2%2Ftags&post=972"}],"curies":[{"name":"wp","href":"https:\/\/api.w.org\/{rel}","templated":true}]}}