{"id":1467,"date":"2024-01-17T17:34:40","date_gmt":"2024-01-17T17:34:40","guid":{"rendered":"https:\/\/farana.cal24.pl\/?p=1467"},"modified":"2024-01-17T17:34:40","modified_gmt":"2024-01-17T17:34:40","slug":"wieza-cisnien-w-pszczynie","status":"publish","type":"post","link":"https:\/\/farana.cal24.pl\/?p=1467","title":{"rendered":"Wie\u017ca ci\u015bnie\u0144 w Pszczynie"},"content":{"rendered":"<div class=\"wp-block-image\">\n<figure data-wp-context=\"{&quot;imageId&quot;:&quot;69f1699335564&quot;}\" data-wp-interactive=\"core\/image\" data-wp-key=\"69f1699335564\" class=\"aligncenter size-full wp-lightbox-container\"><img loading=\"lazy\" decoding=\"async\" width=\"900\" height=\"395\" data-wp-class--hide=\"state.isContentHidden\" data-wp-class--show=\"state.isContentVisible\" data-wp-init=\"callbacks.setButtonStyles\" data-wp-on--click=\"actions.showLightbox\" data-wp-on--load=\"callbacks.setButtonStyles\" data-wp-on-window--resize=\"callbacks.setButtonStyles\" src=\"https:\/\/farana.cal24.pl\/wp-content\/uploads\/2024\/01\/pszczyna_sklejka_wieza_1.jpg\" alt=\"\" class=\"wp-image-1468\" srcset=\"https:\/\/farana.cal24.pl\/wp-content\/uploads\/2024\/01\/pszczyna_sklejka_wieza_1.jpg 900w, https:\/\/farana.cal24.pl\/wp-content\/uploads\/2024\/01\/pszczyna_sklejka_wieza_1-300x132.jpg 300w, https:\/\/farana.cal24.pl\/wp-content\/uploads\/2024\/01\/pszczyna_sklejka_wieza_1-768x337.jpg 768w\" sizes=\"(max-width: 900px) 100vw, 900px\" \/><button\n\t\t\tclass=\"lightbox-trigger\"\n\t\t\ttype=\"button\"\n\t\t\taria-haspopup=\"dialog\"\n\t\t\taria-label=\"Powi\u0119ksz\"\n\t\t\tdata-wp-init=\"callbacks.initTriggerButton\"\n\t\t\tdata-wp-on--click=\"actions.showLightbox\"\n\t\t\tdata-wp-style--right=\"state.imageButtonRight\"\n\t\t\tdata-wp-style--top=\"state.imageButtonTop\"\n\t\t>\n\t\t\t<svg xmlns=\"http:\/\/www.w3.org\/2000\/svg\" width=\"12\" height=\"12\" fill=\"none\" viewBox=\"0 0 12 12\">\n\t\t\t\t<path fill=\"#fff\" d=\"M2 0a2 2 0 0 0-2 2v2h1.5V2a.5.5 0 0 1 .5-.5h2V0H2Zm2 10.5H2a.5.5 0 0 1-.5-.5V8H0v2a2 2 0 0 0 2 2h2v-1.5ZM8 12v-1.5h2a.5.5 0 0 0 .5-.5V8H12v2a2 2 0 0 1-2 2H8Zm2-12a2 2 0 0 1 2 2v2h-1.5V2a.5.5 0 0 0-.5-.5H8V0h2Z\" \/>\n\t\t\t<\/svg>\n\t\t<\/button><\/figure>\n<\/div>\n\n\n<p><strong>01.02.2015r. | Pszczyna |<\/strong><\/p>\n","protected":false},"excerpt":{"rendered":"<p>01.02.2015r. | Pszczyna |<\/p>\n","protected":false},"author":1,"featured_media":1468,"comment_status":"closed","ping_status":"open","sticky":false,"template":"","format":"standard","meta":{"saved_in_kubio":false,"footnotes":""},"categories":[35],"tags":[356,354,345,220,372,373,308],"class_list":["post-1467","post","type-post","status-publish","format-standard","has-post-thumbnail","hentry","category-infrastruktura","tag-01_02_2015","tag-354","tag-peron","tag-pszczyna","tag-wieza","tag-wieza_cisnien","tag-zima"],"_links":{"self":[{"href":"https:\/\/farana.cal24.pl\/index.php?rest_route=\/wp\/v2\/posts\/1467","targetHints":{"allow":["GET"]}}],"collection":[{"href":"https:\/\/farana.cal24.pl\/index.php?rest_route=\/wp\/v2\/posts"}],"about":[{"href":"https:\/\/farana.cal24.pl\/index.php?rest_route=\/wp\/v2\/types\/post"}],"author":[{"embeddable":true,"href":"https:\/\/farana.cal24.pl\/index.php?rest_route=\/wp\/v2\/users\/1"}],"replies":[{"embeddable":true,"href":"https:\/\/farana.cal24.pl\/index.php?rest_route=%2Fwp%2Fv2%2Fcomments&post=1467"}],"version-history":[{"count":1,"href":"https:\/\/farana.cal24.pl\/index.php?rest_route=\/wp\/v2\/posts\/1467\/revisions"}],"predecessor-version":[{"id":1469,"href":"https:\/\/farana.cal24.pl\/index.php?rest_route=\/wp\/v2\/posts\/1467\/revisions\/1469"}],"wp:featuredmedia":[{"embeddable":true,"href":"https:\/\/farana.cal24.pl\/index.php?rest_route=\/wp\/v2\/media\/1468"}],"wp:attachment":[{"href":"https:\/\/farana.cal24.pl\/index.php?rest_route=%2Fwp%2Fv2%2Fmedia&parent=1467"}],"wp:term":[{"taxonomy":"category","embeddable":true,"href":"https:\/\/farana.cal24.pl\/index.php?rest_route=%2Fwp%2Fv2%2Fcategories&post=1467"},{"taxonomy":"post_tag","embeddable":true,"href":"https:\/\/farana.cal24.pl\/index.php?rest_route=%2Fwp%2Fv2%2Ftags&post=1467"}],"curies":[{"name":"wp","href":"https:\/\/api.w.org\/{rel}","templated":true}]}}